{"id":4621,"date":"2026-09-04T12:19:44","date_gmt":"2026-09-04T10:19:44","guid":{"rendered":"https:\/\/www.iesizpisuabelmonte.es\/web\/?p=4621"},"modified":"2026-09-04T12:19:44","modified_gmt":"2026-09-04T10:19:44","slug":"inicio-curso-26-27-horario-e-instrucciones-para-las-familias","status":"publish","type":"post","link":"https:\/\/www.iesizpisuabelmonte.es\/web\/archivos\/4621","title":{"rendered":"Inicio curso 26-27. Horario e instrucciones para las familias"},"content":{"rendered":"\n<p>El pr\u00f3ximo martes 8 de septiembre de 2026 empieza el curso escolar para los alumnos del centro. El primer d\u00eda se organiza con un horario espec\u00edfico de acogida de alumnos seg\u00fan el curso. Adjunto queda reflejado dicho horario. Durante esa ma\u00f1ana ser\u00e1n recibido por su tutor para recibir todas la informaci\u00f3n necesaria para afrontar el curso 2026-27.<\/p>\n\n\n\n<div style=\"height:25px\" aria-hidden=\"true\" class=\"wp-block-spacer\"><\/div>\n\n\n\n<p>Tambi\u00e9n se ofrece unas instrucciones iniciales para las familias en formato PDF, seg\u00fan el curso del alumno, como orientaci\u00f3n inicial para empezar el curso. Los documentos se pueden descargar a continuaci\u00f3n:<\/p>\n\n\n\n<div style=\"height:25px\" aria-hidden=\"true\" class=\"wp-block-spacer\"><\/div>\n\n\n\n<div class=\"wp-block-uagb-icon-list uagb-block-bf86df9c\"><div class=\"uagb-icon-list__wrap\">\n<div class=\"wp-block-uagb-icon-list-child uagb-block-c6b7811d\"><a target=\"_self\" aria-label=\"Instrucciones para las familias de alumnos de ESO.\" rel=\"noopener noreferrer\" href=\"https:\/\/www.iesizpisuabelmonte.es\/web\/wp-content\/uploads\/2026\/09\/ESO-INSTRUCCIONES-INICIO-CURSO-para-padres-26-27.pdf\"> <\/a><span class=\"uagb-icon-list__source-wrap\"><svg xmlns=\"https:\/\/www.w3.org\/2000\/svg\" viewBox=\"0 0 512 512\"><path d=\"M0 219.2v212.5c0 14.25 11.62 26.25 26.5 27C75.32 461.2 180.2 471.3 240 511.9V245.2C181.4 205.5 79.99 194.8 29.84 192C13.59 191.1 0 203.6 0 219.2zM482.2 192c-50.09 2.848-151.3 13.47-209.1 53.09C272.1 245.2 272 245.3 272 245.5v266.5c60.04-40.39 164.7-50.76 213.5-53.28C500.4 457.9 512 445.9 512 431.7V219.2C512 203.6 498.4 191.1 482.2 192zM352 96c0-53-43-96-96-96S160 43 160 96s43 96 96 96S352 149 352 96z\"><\/path><\/svg><\/span><span class=\"uagb-icon-list__label\">Instrucciones para las familias de alumnos de ESO.<\/span><\/div>\n\n\n\n<div class=\"wp-block-uagb-icon-list-child uagb-block-edaed42f\"><a target=\"_self\" aria-label=\"Instrucciones para las familias de alumnos de Bachillerato.\" rel=\"noopener noreferrer\" href=\"https:\/\/www.iesizpisuabelmonte.es\/web\/wp-content\/uploads\/2026\/09\/BACH-INSTRUCCIONES-INICIO-CURSO-para-familias-26-27.pdf\"> <\/a><span class=\"uagb-icon-list__source-wrap\"><svg xmlns=\"https:\/\/www.w3.org\/2000\/svg\" viewBox=\"0 0 512 512\"><path d=\"M0 219.2v212.5c0 14.25 11.62 26.25 26.5 27C75.32 461.2 180.2 471.3 240 511.9V245.2C181.4 205.5 79.99 194.8 29.84 192C13.59 191.1 0 203.6 0 219.2zM482.2 192c-50.09 2.848-151.3 13.47-209.1 53.09C272.1 245.2 272 245.3 272 245.5v266.5c60.04-40.39 164.7-50.76 213.5-53.28C500.4 457.9 512 445.9 512 431.7V219.2C512 203.6 498.4 191.1 482.2 192zM352 96c0-53-43-96-96-96S160 43 160 96s43 96 96 96S352 149 352 96z\"><\/path><\/svg><\/span><span class=\"uagb-icon-list__label\">Instrucciones para las familias de alumnos de Bachillerato.<\/span><\/div>\n\n\n\n<div class=\"wp-block-uagb-icon-list-child uagb-block-bdfda13e\"><a target=\"_self\" aria-label=\"Instrucciones para las familias de alumnos de Ciclos Formativos.\" rel=\"noopener noreferrer\" href=\"https:\/\/www.iesizpisuabelmonte.es\/web\/wp-content\/uploads\/2026\/09\/CICLOS-INSTRUCCIONES-INICIO-CURSO-para-familias-26-27.pdf\"> <\/a><span class=\"uagb-icon-list__source-wrap\"><svg xmlns=\"https:\/\/www.w3.org\/2000\/svg\" viewBox=\"0 0 512 512\"><path d=\"M0 219.2v212.5c0 14.25 11.62 26.25 26.5 27C75.32 461.2 180.2 471.3 240 511.9V245.2C181.4 205.5 79.99 194.8 29.84 192C13.59 191.1 0 203.6 0 219.2zM482.2 192c-50.09 2.848-151.3 13.47-209.1 53.09C272.1 245.2 272 245.3 272 245.5v266.5c60.04-40.39 164.7-50.76 213.5-53.28C500.4 457.9 512 445.9 512 431.7V219.2C512 203.6 498.4 191.1 482.2 192zM352 96c0-53-43-96-96-96S160 43 160 96s43 96 96 96S352 149 352 96z\"><\/path><\/svg><\/span><span class=\"uagb-icon-list__label\">Instrucciones para las familias de alumnos de Ciclos Formativos.<\/span><\/div>\n<\/div><\/div>\n\n\n\n<p><\/p>\n","protected":false},"excerpt":{"rendered":"<p>El pr\u00f3ximo martes 8 de septiembre de 2026 empieza el curso escolar para los alumnos del centro. El primer d\u00eda se organiza con un horario espec\u00edfico de acogida de alumnos seg\u00fan el curso. Adjunto queda reflejado dicho horario. Durante esa ma\u00f1ana ser\u00e1n recibido por su tutor para recibir todas la informaci\u00f3n necesaria para afrontar el [&hellip;]<\/p>\n","protected":false},"author":1,"featured_media":4626,"comment_status":"closed","ping_status":"closed","sticky":false,"template":"","format":"standard","meta":{"_uag_custom_page_level_css":"","site-sidebar-layout":"default","site-content-layout":"","ast-site-content-layout":"default","site-content-style":"default","site-sidebar-style":"default","ast-global-header-display":"","ast-banner-title-visibility":"","ast-main-header-display":"","ast-hfb-above-header-display":"","ast-hfb-below-header-display":"","ast-hfb-mobile-header-display":"","site-post-title":"","ast-breadcrumbs-content":"","ast-featured-img":"","footer-sml-layout":"","ast-disable-related-posts":"","theme-transparent-header-meta":"","adv-header-id-meta":"","stick-header-meta":"","header-above-stick-meta":"","header-main-stick-meta":"","header-below-stick-meta":"","astra-migrate-meta-layouts":"set","ast-page-background-enabled":"default","ast-page-background-meta":{"desktop":{"background-color":"var(--ast-global-color-4)","background-image":"","background-repeat":"repeat","background-position":"center center","background-size":"auto","background-attachment":"scroll","background-type":"","background-media":"","overlay-type":"","overlay-color":"","overlay-opacity":"","overlay-gradient":""},"tablet":{"background-color":"","background-image":"","background-repeat":"repeat","background-position":"center center","background-size":"auto","background-attachment":"scroll","background-type":"","background-media":"","overlay-type":"","overlay-color":"","overlay-opacity":"","overlay-gradient":""},"mobile":{"background-color":"","background-image":"","background-repeat":"repeat","background-position":"center center","background-size":"auto","background-attachment":"scroll","background-type":"","background-media":"","overlay-type":"","overlay-color":"","overlay-opacity":"","overlay-gradient":""}},"ast-content-background-meta":{"desktop":{"background-color":"var(--ast-global-color-5)","background-image":"","background-repeat":"repeat","background-position":"center center","background-size":"auto","background-attachment":"scroll","background-type":"","background-media":"","overlay-type":"","overlay-color":"","overlay-opacity":"","overlay-gradient":""},"tablet":{"background-color":"var(--ast-global-color-5)","background-image":"","background-repeat":"repeat","background-position":"center center","background-size":"auto","background-attachment":"scroll","background-type":"","background-media":"","overlay-type":"","overlay-color":"","overlay-opacity":"","overlay-gradient":""},"mobile":{"background-color":"var(--ast-global-color-5)","background-image":"","background-repeat":"repeat","background-position":"center center","background-size":"auto","background-attachment":"scroll","background-type":"","background-media":"","overlay-type":"","overlay-color":"","overlay-opacity":"","overlay-gradient":""}},"footnotes":""},"categories":[4],"tags":[],"post_folder":[],"class_list":["post-4621","post","type-post","status-publish","format-standard","has-post-thumbnail","hentry","category-noticias"],"uagb_featured_image_src":{"full":["https:\/\/www.iesizpisuabelmonte.es\/web\/wp-content\/uploads\/2026\/09\/Acogida_26-27.png",850,1100,false],"thumbnail":["https:\/\/www.iesizpisuabelmonte.es\/web\/wp-content\/uploads\/2026\/09\/Acogida_26-27-232x300.png",232,300,true],"medium":["https:\/\/www.iesizpisuabelmonte.es\/web\/wp-content\/uploads\/2026\/09\/Acogida_26-27-386x500.png",386,500,true],"medium_large":["https:\/\/www.iesizpisuabelmonte.es\/web\/wp-content\/uploads\/2026\/09\/Acogida_26-27-768x994.png",768,994,true],"large":["https:\/\/www.iesizpisuabelmonte.es\/web\/wp-content\/uploads\/2026\/09\/Acogida_26-27.png",850,1100,false],"1536x1536":["https:\/\/www.iesizpisuabelmonte.es\/web\/wp-content\/uploads\/2026\/09\/Acogida_26-27.png",850,1100,false],"2048x2048":["https:\/\/www.iesizpisuabelmonte.es\/web\/wp-content\/uploads\/2026\/09\/Acogida_26-27.png",850,1100,false]},"uagb_author_info":{"display_name":"Izpisua Belmonte","author_link":"https:\/\/www.iesizpisuabelmonte.es\/web\/archivos\/author\/admin"},"uagb_comment_info":0,"uagb_excerpt":"El pr\u00f3ximo martes 8 de septiembre de 2026 empieza el curso escolar para los alumnos del centro. El primer d\u00eda se organiza con un horario espec\u00edfico de acogida de alumnos seg\u00fan el curso. Adjunto queda reflejado dicho horario. Durante esa ma\u00f1ana ser\u00e1n recibido por su tutor para recibir todas la informaci\u00f3n necesaria para afrontar el&hellip;","_links":{"self":[{"href":"https:\/\/www.iesizpisuabelmonte.es\/web\/wp-json\/wp\/v2\/posts\/4621","targetHints":{"allow":["GET"]}}],"collection":[{"href":"https:\/\/www.iesizpisuabelmonte.es\/web\/wp-json\/wp\/v2\/posts"}],"about":[{"href":"https:\/\/www.iesizpisuabelmonte.es\/web\/wp-json\/wp\/v2\/types\/post"}],"author":[{"embeddable":true,"href":"https:\/\/www.iesizpisuabelmonte.es\/web\/wp-json\/wp\/v2\/users\/1"}],"replies":[{"embeddable":true,"href":"https:\/\/www.iesizpisuabelmonte.es\/web\/wp-json\/wp\/v2\/comments?post=4621"}],"version-history":[{"count":1,"href":"https:\/\/www.iesizpisuabelmonte.es\/web\/wp-json\/wp\/v2\/posts\/4621\/revisions"}],"predecessor-version":[{"id":4627,"href":"https:\/\/www.iesizpisuabelmonte.es\/web\/wp-json\/wp\/v2\/posts\/4621\/revisions\/4627"}],"wp:featuredmedia":[{"embeddable":true,"href":"https:\/\/www.iesizpisuabelmonte.es\/web\/wp-json\/wp\/v2\/media\/4626"}],"wp:attachment":[{"href":"https:\/\/www.iesizpisuabelmonte.es\/web\/wp-json\/wp\/v2\/media?parent=4621"}],"wp:term":[{"taxonomy":"category","embeddable":true,"href":"https:\/\/www.iesizpisuabelmonte.es\/web\/wp-json\/wp\/v2\/categories?post=4621"},{"taxonomy":"post_tag","embeddable":true,"href":"https:\/\/www.iesizpisuabelmonte.es\/web\/wp-json\/wp\/v2\/tags?post=4621"},{"taxonomy":"post_folder","embeddable":true,"href":"https:\/\/www.iesizpisuabelmonte.es\/web\/wp-json\/wp\/v2\/post_folder?post=4621"}],"curies":[{"name":"wp","href":"https:\/\/api.w.org\/{rel}","templated":true}]}}