{"id":4616,"date":"2026-09-03T11:56:45","date_gmt":"2026-09-03T09:56:45","guid":{"rendered":"https:\/\/www.iesizpisuabelmonte.es\/web\/?p=4616"},"modified":"2026-09-03T11:56:45","modified_gmt":"2026-09-03T09:56:45","slug":"calendario-escolar-2026-27","status":"publish","type":"post","link":"https:\/\/www.iesizpisuabelmonte.es\/web\/archivos\/4616","title":{"rendered":"Calendario escolar 2026-27"},"content":{"rendered":"\n<p>Ya tenemos calendario escolar para el pr\u00f3ximo curso 2026-27.<\/p>\n\n\n\n<div style=\"height:30px\" aria-hidden=\"true\" class=\"wp-block-spacer\"><\/div>\n\n\n\n<p>Una vez publicado el calendario oficial por parte de la Consejer\u00eda de Educaci\u00f3n, Cultura y Deportes y ajustados los d\u00edas festivos de la localidad por parte del Consejo Escolar Municipal, el calendario queda de la siguiente forma:<\/p>\n\n\n\n<div style=\"height:30px\" aria-hidden=\"true\" class=\"wp-block-spacer\"><\/div>\n\n\n\n<div class=\"wp-block-uagb-image uagb-block-51a3e53c wp-block-uagb-image--layout-default wp-block-uagb-image--effect-static wp-block-uagb-image--align-none\"><figure class=\"wp-block-uagb-image__figure\"><a class=\"\" href=\"https:\/\/www.iesizpisuabelmonte.es\/web\/wp-content\/uploads\/2026\/09\/Calendario-Escolar-2026-27.png\" target=\"\" rel=\"noopener\"><img loading=\"lazy\" decoding=\"async\" srcset=\"https:\/\/www.iesizpisuabelmonte.es\/web\/wp-content\/uploads\/2026\/09\/Calendario-Escolar-2026-27.png ,https:\/\/www.iesizpisuabelmonte.es\/web\/wp-content\/uploads\/2026\/09\/Calendario-Escolar-2026-27.png 780w, https:\/\/www.iesizpisuabelmonte.es\/web\/wp-content\/uploads\/2026\/09\/Calendario-Escolar-2026-27.png 360w\" sizes=\"auto, (max-width: 480px) 150px\" src=\"https:\/\/www.iesizpisuabelmonte.es\/web\/wp-content\/uploads\/2026\/09\/Calendario-Escolar-2026-27.png\" alt=\"\" class=\"uag-image-4618\" width=\"1123\" height=\"794\" title=\"Calendario-Escolar-2026-27\" loading=\"lazy\" role=\"img\"\/><\/a><\/figure><\/div>\n\n\n\n<div style=\"height:30px\" aria-hidden=\"true\" class=\"wp-block-spacer\"><\/div>\n\n\n\n<p>Puedes descargar el calendario escolar en formato PDF desde\u00a0<a href=\"https:\/\/www.iesizpisuabelmonte.es\/web\/wp-content\/uploads\/2026\/09\/Calendario-Escolar-2026-27.pdf\" data-type=\"link\" data-id=\"https:\/\/www.iesizpisuabelmonte.es\/web\/wp-content\/uploads\/2026\/09\/Calendario-Escolar-2026-27.pdf\">aqu\u00ed<\/a>.<\/p>\n","protected":false},"excerpt":{"rendered":"<p>Ya tenemos calendario escolar para el pr\u00f3ximo curso 2026-27. Una vez publicado el calendario oficial por parte de la Consejer\u00eda de Educaci\u00f3n, Cultura y Deportes y ajustados los d\u00edas festivos de la localidad por parte del Consejo Escolar Municipal, el calendario queda de la siguiente forma: Puedes descargar el calendario escolar en formato PDF desde\u00a0aqu\u00ed.<\/p>\n","protected":false},"author":1,"featured_media":627,"comment_status":"closed","ping_status":"closed","sticky":false,"template":"","format":"standard","meta":{"_uag_custom_page_level_css":"","site-sidebar-layout":"default","site-content-layout":"","ast-site-content-layout":"default","site-content-style":"default","site-sidebar-style":"default","ast-global-header-display":"","ast-banner-title-visibility":"","ast-main-header-display":"","ast-hfb-above-header-display":"","ast-hfb-below-header-display":"","ast-hfb-mobile-header-display":"","site-post-title":"","ast-breadcrumbs-content":"","ast-featured-img":"","footer-sml-layout":"","ast-disable-related-posts":"","theme-transparent-header-meta":"","adv-header-id-meta":"","stick-header-meta":"","header-above-stick-meta":"","header-main-stick-meta":"","header-below-stick-meta":"","astra-migrate-meta-layouts":"set","ast-page-background-enabled":"default","ast-page-background-meta":{"desktop":{"background-color":"var(--ast-global-color-4)","background-image":"","background-repeat":"repeat","background-position":"center center","background-size":"auto","background-attachment":"scroll","background-type":"","background-media":"","overlay-type":"","overlay-color":"","overlay-opacity":"","overlay-gradient":""},"tablet":{"background-color":"","background-image":"","background-repeat":"repeat","background-position":"center center","background-size":"auto","background-attachment":"scroll","background-type":"","background-media":"","overlay-type":"","overlay-color":"","overlay-opacity":"","overlay-gradient":""},"mobile":{"background-color":"","background-image":"","background-repeat":"repeat","background-position":"center center","background-size":"auto","background-attachment":"scroll","background-type":"","background-media":"","overlay-type":"","overlay-color":"","overlay-opacity":"","overlay-gradient":""}},"ast-content-background-meta":{"desktop":{"background-color":"var(--ast-global-color-5)","background-image":"","background-repeat":"repeat","background-position":"center center","background-size":"auto","background-attachment":"scroll","background-type":"","background-media":"","overlay-type":"","overlay-color":"","overlay-opacity":"","overlay-gradient":""},"tablet":{"background-color":"var(--ast-global-color-5)","background-image":"","background-repeat":"repeat","background-position":"center center","background-size":"auto","background-attachment":"scroll","background-type":"","background-media":"","overlay-type":"","overlay-color":"","overlay-opacity":"","overlay-gradient":""},"mobile":{"background-color":"var(--ast-global-color-5)","background-image":"","background-repeat":"repeat","background-position":"center center","background-size":"auto","background-attachment":"scroll","background-type":"","background-media":"","overlay-type":"","overlay-color":"","overlay-opacity":"","overlay-gradient":""}},"footnotes":""},"categories":[4],"tags":[],"post_folder":[],"class_list":["post-4616","post","type-post","status-publish","format-standard","has-post-thumbnail","hentry","category-noticias"],"uagb_featured_image_src":{"full":["https:\/\/www.iesizpisuabelmonte.es\/web\/wp-content\/uploads\/2022\/05\/a5c9586c51dd9ff952e3a2fbc2e6a52a393bfed7298a4bff41ebd33c89565ddb2da869ee00e8e8aca50a7953619db14d5c51a3b98b6b63dbf93ce1_1280-20.jpg",1280,960,false],"thumbnail":["https:\/\/www.iesizpisuabelmonte.es\/web\/wp-content\/uploads\/2022\/05\/a5c9586c51dd9ff952e3a2fbc2e6a52a393bfed7298a4bff41ebd33c89565ddb2da869ee00e8e8aca50a7953619db14d5c51a3b98b6b63dbf93ce1_1280-20-150x150.jpg",150,150,true],"medium":["https:\/\/www.iesizpisuabelmonte.es\/web\/wp-content\/uploads\/2022\/05\/a5c9586c51dd9ff952e3a2fbc2e6a52a393bfed7298a4bff41ebd33c89565ddb2da869ee00e8e8aca50a7953619db14d5c51a3b98b6b63dbf93ce1_1280-20-300x225.jpg",300,225,true],"medium_large":["https:\/\/www.iesizpisuabelmonte.es\/web\/wp-content\/uploads\/2022\/05\/a5c9586c51dd9ff952e3a2fbc2e6a52a393bfed7298a4bff41ebd33c89565ddb2da869ee00e8e8aca50a7953619db14d5c51a3b98b6b63dbf93ce1_1280-20-768x576.jpg",768,576,true],"large":["https:\/\/www.iesizpisuabelmonte.es\/web\/wp-content\/uploads\/2022\/05\/a5c9586c51dd9ff952e3a2fbc2e6a52a393bfed7298a4bff41ebd33c89565ddb2da869ee00e8e8aca50a7953619db14d5c51a3b98b6b63dbf93ce1_1280-20-1024x768.jpg",1024,768,true],"1536x1536":["https:\/\/www.iesizpisuabelmonte.es\/web\/wp-content\/uploads\/2022\/05\/a5c9586c51dd9ff952e3a2fbc2e6a52a393bfed7298a4bff41ebd33c89565ddb2da869ee00e8e8aca50a7953619db14d5c51a3b98b6b63dbf93ce1_1280-20.jpg",1280,960,false],"2048x2048":["https:\/\/www.iesizpisuabelmonte.es\/web\/wp-content\/uploads\/2022\/05\/a5c9586c51dd9ff952e3a2fbc2e6a52a393bfed7298a4bff41ebd33c89565ddb2da869ee00e8e8aca50a7953619db14d5c51a3b98b6b63dbf93ce1_1280-20.jpg",1280,960,false]},"uagb_author_info":{"display_name":"Izpisua Belmonte","author_link":"https:\/\/www.iesizpisuabelmonte.es\/web\/archivos\/author\/admin"},"uagb_comment_info":0,"uagb_excerpt":"Ya tenemos calendario escolar para el pr\u00f3ximo curso 2026-27. Una vez publicado el calendario oficial por parte de la Consejer\u00eda de Educaci\u00f3n, Cultura y Deportes y ajustados los d\u00edas festivos de la localidad por parte del Consejo Escolar Municipal, el calendario queda de la siguiente forma: Puedes descargar el calendario escolar en formato PDF desde\u00a0aqu\u00ed.","_links":{"self":[{"href":"https:\/\/www.iesizpisuabelmonte.es\/web\/wp-json\/wp\/v2\/posts\/4616","targetHints":{"allow":["GET"]}}],"collection":[{"href":"https:\/\/www.iesizpisuabelmonte.es\/web\/wp-json\/wp\/v2\/posts"}],"about":[{"href":"https:\/\/www.iesizpisuabelmonte.es\/web\/wp-json\/wp\/v2\/types\/post"}],"author":[{"embeddable":true,"href":"https:\/\/www.iesizpisuabelmonte.es\/web\/wp-json\/wp\/v2\/users\/1"}],"replies":[{"embeddable":true,"href":"https:\/\/www.iesizpisuabelmonte.es\/web\/wp-json\/wp\/v2\/comments?post=4616"}],"version-history":[{"count":2,"href":"https:\/\/www.iesizpisuabelmonte.es\/web\/wp-json\/wp\/v2\/posts\/4616\/revisions"}],"predecessor-version":[{"id":4620,"href":"https:\/\/www.iesizpisuabelmonte.es\/web\/wp-json\/wp\/v2\/posts\/4616\/revisions\/4620"}],"wp:featuredmedia":[{"embeddable":true,"href":"https:\/\/www.iesizpisuabelmonte.es\/web\/wp-json\/wp\/v2\/media\/627"}],"wp:attachment":[{"href":"https:\/\/www.iesizpisuabelmonte.es\/web\/wp-json\/wp\/v2\/media?parent=4616"}],"wp:term":[{"taxonomy":"category","embeddable":true,"href":"https:\/\/www.iesizpisuabelmonte.es\/web\/wp-json\/wp\/v2\/categories?post=4616"},{"taxonomy":"post_tag","embeddable":true,"href":"https:\/\/www.iesizpisuabelmonte.es\/web\/wp-json\/wp\/v2\/tags?post=4616"},{"taxonomy":"post_folder","embeddable":true,"href":"https:\/\/www.iesizpisuabelmonte.es\/web\/wp-json\/wp\/v2\/post_folder?post=4616"}],"curies":[{"name":"wp","href":"https:\/\/api.w.org\/{rel}","templated":true}]}}